{"id":1379,"date":"2025-03-16T11:26:40","date_gmt":"2025-03-16T10:26:40","guid":{"rendered":"https:\/\/kulturlandretten.at\/?p=1379"},"modified":"2025-03-26T12:41:22","modified_gmt":"2025-03-26T11:41:22","slug":"offener-brief-an-landesrat-dr-karlheinz-kornhaeusl-17-03-2025","status":"publish","type":"post","link":"https:\/\/kulturlandretten.at\/en\/offener-brief-an-landesrat-dr-karlheinz-kornhaeusl-17-03-2025\/","title":{"rendered":"Open letter to Provincial Councillor Dr. Karlheinz Kornh\u00e4usl"},"content":{"rendered":"<p class=\"wp-block-paragraph\">16.03.: The following open letter was sent on March 16 and has (as of March 26) been signed by 1201 people.<\/p>\n\n\n\n<blockquote class=\"wp-block-quote is-layout-flow wp-block-quote-is-layout-flow\">\n<p class=\"wp-block-paragraph\">Dear Provincial Councillor Dr. Karlheinz Kornh\u00e4usl,<br>With this letter, we would like to express our deep concern regarding the development of the Styrian cultural landscape. The reason for this is the very surprising new appointment to the Cultural Board of Trustees.<\/p>\n\n\n\n<p class=\"wp-block-paragraph\">There is great resentment among Styrian artists and cultural professionals &#8211; both about the composition of the new Board of Trustees and about the hand-made appointment process. We do not recognize any professional competence in contemporary art &#8211; or in the cultural field in general &#8211; among some representatives of the board of trustees. To all appearances, political affiliation and not the relevant expertise was the decisive factor in some appointments. This approach is therefore clearly contrary to the 2030 Cultural Strategy adopted by the state parliament and the State Cultural Promotion Act, according to which party political influence must be repressed and independent expertise given priority. A cultural board of trustees that is not professionally but purely party-politically staffed will have incalculable negative consequences for the vibrant cultural region of Styria and the artistic diversity of our province.<\/p>\n\n\n\n<p class=\"wp-block-paragraph\">In its new composition, the Board of Trustees also in no way reflects the complexity of the cultural field: virtually no one has experience in the independent scene, only a few are based in the regions, we are missing people from multilingual or ethnic cultural work, there are hardly any experts from contemporary and experimental art and hardly any supra-regional expertise. In addition, the gender ratio is once again seriously imbalanced. Such a one-sided board of trustees certainly does not do justice to the diversity of the cultural field.<\/p>\n\n\n\n<p class=\"wp-block-paragraph\">Some representatives of the Board of Trustees have close ties to the far-right scene. Through their actions, they actively support the strengthening and dissemination of historical revisionist and right-wing extremist ideas. Having such personalities in central advisory positions is tantamount to breaking a cultural-political dam. The appointment is a serious blow to Styrian cultural policy, which has the proven aim of strengthening democracy, cooperation and the free, critical reflection and further development of society &#8211; values to which you have publicly committed yourself on several occasions.<\/p>\n\n\n\n<p class=\"wp-block-paragraph\">The cuts that have already been made, which affect a considerable number of initiatives and artists, should also not go unmentioned. Some of these cuts are serious and threaten renowned initiatives that have been built up over many years and are now facing extinction. The decision as to who will be cut and by how much also appears arbitrary and lacking in transparency. Their public statements regarding the budgetary situation have so far been reassuring. This discrepancy is causing a serious loss of trust, which we would like to overcome.<\/p>\n\n\n\n<p class=\"wp-block-paragraph\">We ask you to clarify: Do you stand by your promise to work for the preservation of Styria as a cultural region in all its diversity? Then this must also be reflected in the composition of the relevant bodies. Are you still in favor of the principles formulated in the Cultural Strategy 2030? Then appropriate decisions must also be made in this direction. Are you committed to cultural policy as a building block for the democratic development of society? Then representatives of the extreme right cannot sit on central committees. Do you oppose a clear-cutting of the cultural scene in Styria? Then we expect you, as a representative of our sector in the Styrian provincial government, to achieve an adequate budget situation for the sector that is so important for Styria and to free up funds for art and culture through reallocations.<\/p>\n\n\n\n<p class=\"wp-block-paragraph\">Mit aller Dringlichkeit fordern wir als ersten Schritt die neuerliche Umbesetzung des Kulturkuratoriums. Es ist in seiner derzeitigen Form nicht tragbar. F\u00fcr einen offenen Gespr\u00e4chsprozess, in dem all diese Fragen besprochen werden k\u00f6nnen, stellen wir unsere Expertise sehr gerne zur Verf\u00fcgung.<br><br>With kind regards,<\/p>\n<\/blockquote>\n\n\n\n<p class=\"wp-block-paragraph\">The letter can be downloaded <a href=\"https:\/\/kulturlandretten.at\/wp-content\/uploads\/sites\/5\/2025\/03\/Offener-Brief-der-Kulturschaffenden-26.03.2025.pdf\">here<\/a> (in german).<\/p>\n\n\n\n<p class=\"wp-block-paragraph\">Media reports: <a href=\"https:\/\/www.derstandard.at\/story\/3000000261623\/krueber-fpoe-politik-waechst-in-der-steirischen-kulturszene?ref=niewidget\">Der Standard<\/a> (17.3.), <a href=\"https:\/\/www.gat.news\/nachrichten\/szene-kritisiert-umbesetzung-und-kuerzungen\">gat.news<\/a> (17.3.)<\/p>\n\n\n\n<p class=\"wp-block-paragraph\"><\/p>","protected":false},"excerpt":{"rendered":"<p>16.03.: The following open letter was sent on March 16 and has (as of March 26) been signed by 1201 people. Dear Provincial Councillor Dr. Karlheinz Kornh\u00e4usl,With this letter, we &#8230;<\/p>\n","protected":false},"author":4542,"featured_media":1404,"comment_status":"open","ping_status":"open","sticky":false,"template":"","format":"standard","meta":{"footnotes":""},"categories":[3],"tags":[],"class_list":["post-1379","post","type-post","status-publish","format-standard","has-post-thumbnail","hentry","category-news"],"_links":{"self":[{"href":"https:\/\/kulturlandretten.at\/en\/wp-json\/wp\/v2\/posts\/1379","targetHints":{"allow":["GET"]}}],"collection":[{"href":"https:\/\/kulturlandretten.at\/en\/wp-json\/wp\/v2\/posts"}],"about":[{"href":"https:\/\/kulturlandretten.at\/en\/wp-json\/wp\/v2\/types\/post"}],"author":[{"embeddable":true,"href":"https:\/\/kulturlandretten.at\/en\/wp-json\/wp\/v2\/users\/4542"}],"replies":[{"embeddable":true,"href":"https:\/\/kulturlandretten.at\/en\/wp-json\/wp\/v2\/comments?post=1379"}],"version-history":[{"count":12,"href":"https:\/\/kulturlandretten.at\/en\/wp-json\/wp\/v2\/posts\/1379\/revisions"}],"predecessor-version":[{"id":1586,"href":"https:\/\/kulturlandretten.at\/en\/wp-json\/wp\/v2\/posts\/1379\/revisions\/1586"}],"wp:featuredmedia":[{"embeddable":true,"href":"https:\/\/kulturlandretten.at\/en\/wp-json\/wp\/v2\/media\/1404"}],"wp:attachment":[{"href":"https:\/\/kulturlandretten.at\/en\/wp-json\/wp\/v2\/media?parent=1379"}],"wp:term":[{"taxonomy":"category","embeddable":true,"href":"https:\/\/kulturlandretten.at\/en\/wp-json\/wp\/v2\/categories?post=1379"},{"taxonomy":"post_tag","embeddable":true,"href":"https:\/\/kulturlandretten.at\/en\/wp-json\/wp\/v2\/tags?post=1379"}],"curies":[{"name":"wp","href":"https:\/\/api.w.org\/{rel}","templated":true}]}}